{"id":3621,"date":"2025-05-22T10:21:36","date_gmt":"2025-05-22T08:21:36","guid":{"rendered":"https:\/\/www.sws-weiterbildung.ch\/?p=3621"},"modified":"2025-05-22T10:22:47","modified_gmt":"2025-05-22T08:22:47","slug":"winterthur-trifft-luzern","status":"publish","type":"post","link":"https:\/\/www.sws-weiterbildung.ch\/de\/winterthur-trifft-luzern.html","title":{"rendered":"Winterthur trifft Luzern \u2013 mit Herz &amp; Haltung"},"content":{"rendered":"\r\n  <section  class=\"wide-slider wide-slider-block_e0140ff581c84dccf4ce03a98bded956\" >\r\n    <div class=\"wide-slider__slider\">\r\n              <div class=\"wide-slider__item\">\r\n                      <img decoding=\"async\" class=\"d-none d-md-flex\" src=\"https:\/\/www.sws-weiterbildung.ch\/wp-content\/uploads\/2024\/10\/Main-photo-1-scaled.jpg\" alt=\"\" \/>\r\n                      <img decoding=\"async\" class=\"d-md-none\" src=\"https:\/\/www.sws-weiterbildung.ch\/wp-content\/uploads\/2024\/08\/slide2-mob.jpg\" alt=\"Freundlich. Sicher. Kompetent.\" \/>\r\n                    <div class=\"wide-slider__content\">\r\n            <div class=\"container\">\r\n              <div class=\"wide-slider__content-wrap\">\r\n                <div class=\"wide-slider__txt\">\r\n                  <h1 class=\"wide-slider__title\">\r\n                    <span class=\"wide-slider__title-white\"><\/span>\r\n                    <span class=\"wide-slider__title-orange\"><\/span>\r\n                    <span class=\"wide-slider__title-green\"><\/span>\r\n                  <\/h1>\r\n                  <div class=\"wide-slider__text\">Schulen f\u00fcr Wirtschaft und Sprachen<\/div>\r\n                <\/div>\r\n                <div class=\"wide-slider__link\">\r\n                                      <a class=\"wide-slider__btn\" href=\"https:\/\/www.sws-weiterbildung.ch\/infos-anfordern\/kontakt.html\" target=\"_self\"><span>Gratis Kursunterlagen anfordern<\/span><\/a>\r\n                                  <\/div>\r\n              <\/div>\r\n            <\/div>\r\n          <\/div>\r\n        <\/div>\r\n          <\/div>\r\n    <style>.wide-slider-block_e0140ff581c84dccf4ce03a98bded956 {background-repeat: no-repeat;padding-top: 0px;padding-bottom: 0px;margin-top: 0px;margin-bottom: 0px;}@media only screen and (max-width: 992px){ .wide-slider-block_e0140ff581c84dccf4ce03a98bded956{ background-repeat: no-repeat;padding-top: 0px;padding-bottom: 0px;margin-top: 0px;margin-bottom: 0px; } }<\/style>\r\n  <\/section>\r\n\n\n\r\n<section  class=\"single-post single-post-block_fb0f28d471fdb487113475f7c322253d\" >\r\n  <div class=\"container\">\r\n    <div class=\"single-post__wrap\">\r\n      <div class=\"breadcrumbs\"><a href=\"https:\/\/www.sws-weiterbildung.ch\">Home<\/a> > <\/div>      <h1 class=\"single-post__title\">Winterthur trifft Luzern \u2013 mit Herz &amp; Haltung<\/h1>\r\n      <div class=\"single-post__thumb\">\r\n        <div class=\"single-post-info\">\r\n          <div class=\"single-post-info__item\">\r\n            <div class=\"single-post-info__icon\"><svg width=\"16\" height=\"16\" viewBox=\"0 0 16 16\" fill=\"none\" xmlns=\"http:\/\/www.w3.org\/2000\/svg\"><g clip-path=\"url(#clip0_431_1183)\"><path d=\"M0.572266 15.4277H13.1437\" stroke=\"#535A62\" stroke-width=\"1.5\" stroke-linecap=\"round\" stroke-linejoin=\"round\"\/><path d=\"M7.42857 11.4282L4 12.0454L4.57143 8.57108L12.2629 0.902508C12.3691 0.79539 12.4955 0.710368 12.6348 0.652347C12.774 0.594325 12.9234 0.564453 13.0743 0.564453C13.2252 0.564453 13.3745 0.594325 13.5138 0.652347C13.6531 0.710368 13.7795 0.79539 13.8857 0.902508L15.0971 2.11394C15.2043 2.22018 15.2893 2.34658 15.3473 2.48585C15.4053 2.62512 15.4352 2.77449 15.4352 2.92537C15.4352 3.07624 15.4053 3.22561 15.3473 3.36488C15.2893 3.50415 15.2043 3.63055 15.0971 3.73679L7.42857 11.4282Z\" stroke=\"#535A62\" stroke-width=\"1.5\" stroke-linecap=\"round\" stroke-linejoin=\"round\"\/><\/g><defs><clipPath id=\"clip0_431_1183\"><rect width=\"16\" height=\"16\" fill=\"white\"\/><\/clipPath><\/defs><\/svg><\/div>\r\n            Author: Marketing Team          <\/div>\r\n          <div class=\"single-post-info__item\">\r\n            <div class=\"single-post-info__icon\"><svg width=\"16\" height=\"16\" viewBox=\"0 0 16 16\" fill=\"none\" xmlns=\"http:\/\/www.w3.org\/2000\/svg\"><g clip-path=\"url(#clip0_431_1189)\"><path d=\"M8.00086 15.4283C6.32685 13.5853 4.05662 12.3915 1.58943 12.0569C1.30861 12.0258 1.04925 11.8918 0.861412 11.6807C0.673574 11.4697 0.570573 11.1965 0.572287 10.914V1.71401C0.572276 1.54893 0.608026 1.38582 0.677077 1.23588C0.746127 1.08594 0.846841 0.952736 0.972287 0.845437C1.09552 0.740089 1.23976 0.662168 1.39543 0.616848C1.55109 0.571528 1.71462 0.559847 1.87514 0.58258C4.23433 0.974131 6.39254 2.14987 8.00086 3.91972V15.4283Z\" stroke=\"#535A62\" stroke-width=\"1.5\" stroke-linecap=\"round\" stroke-linejoin=\"round\"\/><path d=\"M8 15.4283C9.67401 13.5853 11.9442 12.3915 14.4114 12.0569C14.6923 12.0258 14.9516 11.8918 15.1394 11.6807C15.3273 11.4697 15.4303 11.1965 15.4286 10.914V1.71401C15.4286 1.54893 15.3928 1.38582 15.3238 1.23588C15.2547 1.08594 15.154 0.952736 15.0286 0.845437C14.9053 0.740089 14.7611 0.662168 14.6054 0.616848C14.4498 0.571528 14.2862 0.559847 14.1257 0.58258C11.7665 0.974131 9.60832 2.14987 8 3.91972V15.4283Z\" stroke=\"#535A62\" stroke-width=\"1.5\" stroke-linecap=\"round\" stroke-linejoin=\"round\"\/><\/g><defs><clipPath id=\"clip0_431_1189\"><rect width=\"16\" height=\"16\" fill=\"white\"\/><\/clipPath><\/defs><\/svg><\/div>\r\n            5 min          <\/div>\r\n          <div class=\"single-post-info__item\">\r\n            <div class=\"single-post-info__icon\"><svg width=\"16\" height=\"16\" viewBox=\"0 0 16 16\" fill=\"none\" xmlns=\"http:\/\/www.w3.org\/2000\/svg\"><path d=\"M14 7.76873L7.55263 14.2033C7.30248 14.4556 7.00402 14.656 6.6747 14.7927C6.34539 14.9295 5.99182 15 5.63468 15C5.27753 15 4.92397 14.9295 4.59466 14.7927C4.26534 14.656 3.96688 14.4556 3.71672 14.2033L1.78793 12.2622C1.28301 11.7546 1 11.0709 1 10.3586C1 9.64636 1.28301 8.96264 1.78793 8.45508L8.6579 1.63444C8.85936 1.43341 9.09906 1.27385 9.36315 1.16495C9.62724 1.05606 9.9105 1 10.1966 1C10.4827 1 10.766 1.05606 11.03 1.16495C11.2941 1.27385 11.5338 1.43341 11.7353 1.63444L12.5046 2.39587C12.7078 2.59526 12.869 2.83248 12.979 3.09385C13.089 3.35522 13.1457 3.63557 13.1457 3.91871C13.1457 4.20186 13.089 4.4822 12.979 4.74357C12.869 5.00494 12.7078 5.24217 12.5046 5.44156L6.41486 11.49C6.31413 11.5906 6.19428 11.6703 6.06224 11.7248C5.93019 11.7792 5.78856 11.8073 5.64551 11.8073C5.50247 11.8073 5.36084 11.7792 5.22879 11.7248C5.09674 11.6703 4.9769 11.5906 4.87616 11.49L4.49691 11.104C4.39534 11.0043 4.31473 10.8857 4.25972 10.755C4.20471 10.6243 4.17638 10.4841 4.17638 10.3426C4.17638 10.201 4.20471 10.0608 4.25972 9.93012C4.31473 9.79944 4.39534 9.68082 4.49691 9.58113L8.58205 5.57025\" stroke=\"#535A62\" stroke-width=\"1.3\" stroke-linecap=\"round\" stroke-linejoin=\"round\"\/><\/svg><\/div>\r\n            Publication Datum: Mai 22, 2025            \r\n          <\/div>\r\n        <\/div>\r\n        <img decoding=\"async\" src=\"https:\/\/www.sws-weiterbildung.ch\/wp-content\/uploads\/2025\/05\/Winterthur-trifft-Luzern-e1747902878666.png\" alt=\"Winterthur trifft Luzern \u2013 mit Herz &amp; Haltung\">\r\n      <\/div>\r\n      <div class=\"single-post__content\"><p><strong>\ud83c\udf93\u00a0Winterthur trifft Luzern \u2013 mit Herz &amp; Haltung<\/strong><\/p>\n<p>Es freut uns sehr, ein paar starke Meilensteine mit euch zu teilen:<\/p>\n<p>\u2705 Unser Standort in\u00a0Winterthur\u00a0wurde erneut\u00a0EduQua-rezertifiziert\u00a0\u2013 seit \u00fcber vier Jahrzehnten stehen wir dort f\u00fcr Qualit\u00e4t und Verl\u00e4sslichkeit in der Aus- und Weiterbildung.<\/p>\n<p>\u2705 Noch erfreulicher: Unser\u00a0neuer Standort in Luzern\u00a0hat erfolgreich die\u00a0erste EduQua-Zertifizierung\u00a0bestanden \u2013 ein starkes Zeichen f\u00fcr unsere engagierte Aufbauarbeit.<\/p>\n<p>\u2705 In Luzern sind die ersten Lehrg\u00e4nge im Mai bereits erfolgreich gestartet \u2013 mit zahlreichen motivierten Klassen.<\/p>\n<p>\u2705 Auch in\u00a0Winterthur\u00a0sind unsere Lehrg\u00e4nge sehr gefragt \u2013 der August bringt erneut einen starken Einstieg mit sich.<\/p>\n<p>Wir freuen uns \u00fcber das wachsende Vertrauen und die steigende Nachfrage \u2013 an beiden Standorten. \ud83c\udfeb\ud83d\udc99<\/p>\n<p>Und weil Erfolg auch Teamarbeit bedeutet, hat das Team aus\u00a0Winterthur\u00a0k\u00fcrzlich den Schulstandort Luzern besucht \u2013 der Austausch wurde mit einem gemeinsamen Abendessen in einem nahegelegenen Restaurant abgerundet.<br \/>\n\ud83c\udf7d\ufe0f\u2728<\/p>\n<p>\ud83d\udcf8 Unten ein Eindruck vom Abend \u2013 festgehalten in einem Bild.<\/p>\n<p><img loading=\"lazy\" decoding=\"async\" class=\"alignnone wp-image-3619 size-medium\" src=\"https:\/\/www.sws-weiterbildung.ch\/wp-content\/uploads\/2025\/05\/Winterthur-trifft-Luzern-300x224.png\" alt=\"Winterthur trifft Luzern \u2013 SWS Schulen f\u00fcr Wirtschaft &amp; Sprachen\" width=\"300\" height=\"224\" \/><\/p>\n<\/div>\r\n    <\/div>\r\n  <\/div>\r\n  <style>.single-post-block_fb0f28d471fdb487113475f7c322253d {background-repeat: no-repeat;padding-top: 80px;padding-bottom: 80px;margin-top: 0px;margin-bottom: 0px;}@media only screen and (max-width: 992px){ .single-post-block_fb0f28d471fdb487113475f7c322253d{ background-repeat: no-repeat;padding-top: 40px;padding-bottom: 40px;margin-top: 0px;margin-bottom: 0px; } }<\/style>\r\n<\/section>","protected":false},"excerpt":{"rendered":"","protected":false},"author":1,"featured_media":3619,"comment_status":"open","ping_status":"open","sticky":false,"template":"","format":"standard","meta":{"_acf_changed":false,"inline_featured_image":false,"footnotes":""},"categories":[1],"tags":[],"class_list":["post-3621","post","type-post","status-publish","format-standard","has-post-thumbnail","hentry","category-allgemein"],"acf":[],"yoast_head":"<!-- This site is optimized with the Yoast SEO plugin v25.2 - https:\/\/yoast.com\/wordpress\/plugins\/seo\/ -->\n<title>Winterthur trifft Luzern \u2013 mit Herz &amp; Haltung - SWS Schulen f\u00fcr Wirtschaft &amp; Sprachen<\/title>\n<meta name=\"robots\" content=\"index, follow, max-snippet:-1, max-image-preview:large, max-video-preview:-1\" \/>\n<link rel=\"canonical\" href=\"https:\/\/www.sws-weiterbildung.ch\/de\/winterthur-trifft-luzern.html\/\" \/>\n<meta property=\"og:locale\" content=\"de_DE\" \/>\n<meta property=\"og:type\" content=\"article\" \/>\n<meta property=\"og:title\" content=\"Winterthur trifft Luzern \u2013 mit Herz &amp; Haltung - SWS Schulen f\u00fcr Wirtschaft &amp; Sprachen\" \/>\n<meta property=\"og:url\" content=\"https:\/\/www.sws-weiterbildung.ch\/de\/winterthur-trifft-luzern.html\/\" \/>\n<meta property=\"og:site_name\" content=\"SWS Schulen f\u00fcr Wirtschaft &amp; Sprachen\" \/>\n<meta property=\"article:published_time\" content=\"2025-05-22T08:21:36+00:00\" \/>\n<meta property=\"article:modified_time\" content=\"2025-05-22T08:22:47+00:00\" \/>\n<meta property=\"og:image\" content=\"https:\/\/www.sws-weiterbildung.ch\/wp-content\/uploads\/2025\/05\/Winterthur-trifft-Luzern-e1747902878666-1024x583.png\" \/>\n\t<meta property=\"og:image:width\" content=\"1024\" \/>\n\t<meta property=\"og:image:height\" content=\"583\" \/>\n\t<meta property=\"og:image:type\" content=\"image\/png\" \/>\n<meta name=\"author\" content=\"sws-admin\" \/>\n<meta name=\"twitter:card\" content=\"summary_large_image\" \/>\n<meta name=\"twitter:label1\" content=\"Verfasst von\" \/>\n\t<meta name=\"twitter:data1\" content=\"sws-admin\" \/>\n\t<meta name=\"twitter:label2\" content=\"Gesch\u00e4tzte Lesezeit\" \/>\n\t<meta name=\"twitter:data2\" content=\"1\u00a0Minute\" \/>\n<script type=\"application\/ld+json\" class=\"yoast-schema-graph\">{\"@context\":\"https:\/\/schema.org\",\"@graph\":[{\"@type\":\"WebPage\",\"@id\":\"https:\/\/www.sws-weiterbildung.ch\/winterthur-trifft-luzern.html\",\"url\":\"https:\/\/www.sws-weiterbildung.ch\/winterthur-trifft-luzern.html\",\"name\":\"Winterthur trifft Luzern \u2013 mit Herz &amp; Haltung - SWS Schulen f\u00fcr Wirtschaft &amp; Sprachen\",\"isPartOf\":{\"@id\":\"https:\/\/www.sws-weiterbildung.ch\/de\/#website\"},\"primaryImageOfPage\":{\"@id\":\"https:\/\/www.sws-weiterbildung.ch\/winterthur-trifft-luzern.html#primaryimage\"},\"image\":{\"@id\":\"https:\/\/www.sws-weiterbildung.ch\/winterthur-trifft-luzern.html#primaryimage\"},\"thumbnailUrl\":\"https:\/\/www.sws-weiterbildung.ch\/wp-content\/uploads\/2025\/05\/Winterthur-trifft-Luzern-e1747902878666.png\",\"datePublished\":\"2025-05-22T08:21:36+00:00\",\"dateModified\":\"2025-05-22T08:22:47+00:00\",\"author\":{\"@id\":\"https:\/\/www.sws-weiterbildung.ch\/de\/#\/schema\/person\/99954224b6d2d2636b23579d29c30c0a\"},\"breadcrumb\":{\"@id\":\"https:\/\/www.sws-weiterbildung.ch\/winterthur-trifft-luzern.html#breadcrumb\"},\"inLanguage\":\"de-CH\",\"potentialAction\":[{\"@type\":\"ReadAction\",\"target\":[\"https:\/\/www.sws-weiterbildung.ch\/winterthur-trifft-luzern.html\"]}]},{\"@type\":\"ImageObject\",\"inLanguage\":\"de-CH\",\"@id\":\"https:\/\/www.sws-weiterbildung.ch\/winterthur-trifft-luzern.html#primaryimage\",\"url\":\"https:\/\/www.sws-weiterbildung.ch\/wp-content\/uploads\/2025\/05\/Winterthur-trifft-Luzern-e1747902878666.png\",\"contentUrl\":\"https:\/\/www.sws-weiterbildung.ch\/wp-content\/uploads\/2025\/05\/Winterthur-trifft-Luzern-e1747902878666.png\",\"width\":3090,\"height\":1760,\"caption\":\"Winterthur trifft Luzern \u2013 SWS Schulen f\u00fcr Wirtschaft & Sprachen\"},{\"@type\":\"BreadcrumbList\",\"@id\":\"https:\/\/www.sws-weiterbildung.ch\/winterthur-trifft-luzern.html#breadcrumb\",\"itemListElement\":[{\"@type\":\"ListItem\",\"position\":1,\"name\":\"Startseite\",\"item\":\"https:\/\/www.sws-weiterbildung.ch\/\"},{\"@type\":\"ListItem\",\"position\":2,\"name\":\"Winterthur trifft Luzern \u2013 mit Herz &amp; Haltung\"}]},{\"@type\":\"WebSite\",\"@id\":\"https:\/\/www.sws-weiterbildung.ch\/de\/#website\",\"url\":\"https:\/\/www.sws-weiterbildung.ch\/de\/\",\"name\":\"SWS Schulen f\u00fcr Wirtschaft &amp; Sprachen\",\"description\":\"\",\"potentialAction\":[{\"@type\":\"SearchAction\",\"target\":{\"@type\":\"EntryPoint\",\"urlTemplate\":\"https:\/\/www.sws-weiterbildung.ch\/de\/?s={search_term_string}\"},\"query-input\":{\"@type\":\"PropertyValueSpecification\",\"valueRequired\":true,\"valueName\":\"search_term_string\"}}],\"inLanguage\":\"de-CH\"},{\"@type\":\"Person\",\"@id\":\"https:\/\/www.sws-weiterbildung.ch\/de\/#\/schema\/person\/99954224b6d2d2636b23579d29c30c0a\",\"name\":\"sws-admin\",\"image\":{\"@type\":\"ImageObject\",\"inLanguage\":\"de-CH\",\"@id\":\"https:\/\/www.sws-weiterbildung.ch\/de\/#\/schema\/person\/image\/\",\"url\":\"https:\/\/secure.gravatar.com\/avatar\/fddd7de408d4f60c4b9a657ebbfaa70ff072358c81ef6911318cdfbcf8b1af23?s=96&d=mm&r=g\",\"contentUrl\":\"https:\/\/secure.gravatar.com\/avatar\/fddd7de408d4f60c4b9a657ebbfaa70ff072358c81ef6911318cdfbcf8b1af23?s=96&d=mm&r=g\",\"caption\":\"sws-admin\"},\"sameAs\":[\"https:\/\/www.sws-weiterbildung.ch\"],\"url\":\"https:\/\/www.sws-weiterbildung.ch\/de\/author\/sws-admin\"}]}<\/script>\n<!-- \/ Yoast SEO plugin. -->","yoast_head_json":{"title":"Winterthur trifft Luzern \u2013 mit Herz &amp; Haltung - SWS Schulen f\u00fcr Wirtschaft &amp; Sprachen","robots":{"index":"index","follow":"follow","max-snippet":"max-snippet:-1","max-image-preview":"max-image-preview:large","max-video-preview":"max-video-preview:-1"},"canonical":"https:\/\/www.sws-weiterbildung.ch\/de\/winterthur-trifft-luzern.html\/","og_locale":"de_DE","og_type":"article","og_title":"Winterthur trifft Luzern \u2013 mit Herz &amp; Haltung - SWS Schulen f\u00fcr Wirtschaft &amp; Sprachen","og_url":"https:\/\/www.sws-weiterbildung.ch\/de\/winterthur-trifft-luzern.html\/","og_site_name":"SWS Schulen f\u00fcr Wirtschaft &amp; Sprachen","article_published_time":"2025-05-22T08:21:36+00:00","article_modified_time":"2025-05-22T08:22:47+00:00","og_image":[{"width":1024,"height":583,"url":"https:\/\/www.sws-weiterbildung.ch\/wp-content\/uploads\/2025\/05\/Winterthur-trifft-Luzern-e1747902878666-1024x583.png","type":"image\/png"}],"author":"sws-admin","twitter_card":"summary_large_image","twitter_misc":{"Verfasst von":"sws-admin","Gesch\u00e4tzte Lesezeit":"1\u00a0Minute"},"schema":{"@context":"https:\/\/schema.org","@graph":[{"@type":"WebPage","@id":"https:\/\/www.sws-weiterbildung.ch\/winterthur-trifft-luzern.html","url":"https:\/\/www.sws-weiterbildung.ch\/winterthur-trifft-luzern.html","name":"Winterthur trifft Luzern \u2013 mit Herz &amp; Haltung - SWS Schulen f\u00fcr Wirtschaft &amp; Sprachen","isPartOf":{"@id":"https:\/\/www.sws-weiterbildung.ch\/de\/#website"},"primaryImageOfPage":{"@id":"https:\/\/www.sws-weiterbildung.ch\/winterthur-trifft-luzern.html#primaryimage"},"image":{"@id":"https:\/\/www.sws-weiterbildung.ch\/winterthur-trifft-luzern.html#primaryimage"},"thumbnailUrl":"https:\/\/www.sws-weiterbildung.ch\/wp-content\/uploads\/2025\/05\/Winterthur-trifft-Luzern-e1747902878666.png","datePublished":"2025-05-22T08:21:36+00:00","dateModified":"2025-05-22T08:22:47+00:00","author":{"@id":"https:\/\/www.sws-weiterbildung.ch\/de\/#\/schema\/person\/99954224b6d2d2636b23579d29c30c0a"},"breadcrumb":{"@id":"https:\/\/www.sws-weiterbildung.ch\/winterthur-trifft-luzern.html#breadcrumb"},"inLanguage":"de-CH","potentialAction":[{"@type":"ReadAction","target":["https:\/\/www.sws-weiterbildung.ch\/winterthur-trifft-luzern.html"]}]},{"@type":"ImageObject","inLanguage":"de-CH","@id":"https:\/\/www.sws-weiterbildung.ch\/winterthur-trifft-luzern.html#primaryimage","url":"https:\/\/www.sws-weiterbildung.ch\/wp-content\/uploads\/2025\/05\/Winterthur-trifft-Luzern-e1747902878666.png","contentUrl":"https:\/\/www.sws-weiterbildung.ch\/wp-content\/uploads\/2025\/05\/Winterthur-trifft-Luzern-e1747902878666.png","width":3090,"height":1760,"caption":"Winterthur trifft Luzern \u2013 SWS Schulen f\u00fcr Wirtschaft & Sprachen"},{"@type":"BreadcrumbList","@id":"https:\/\/www.sws-weiterbildung.ch\/winterthur-trifft-luzern.html#breadcrumb","itemListElement":[{"@type":"ListItem","position":1,"name":"Startseite","item":"https:\/\/www.sws-weiterbildung.ch\/"},{"@type":"ListItem","position":2,"name":"Winterthur trifft Luzern \u2013 mit Herz &amp; Haltung"}]},{"@type":"WebSite","@id":"https:\/\/www.sws-weiterbildung.ch\/de\/#website","url":"https:\/\/www.sws-weiterbildung.ch\/de\/","name":"SWS Schulen f\u00fcr Wirtschaft &amp; Sprachen","description":"","potentialAction":[{"@type":"SearchAction","target":{"@type":"EntryPoint","urlTemplate":"https:\/\/www.sws-weiterbildung.ch\/de\/?s={search_term_string}"},"query-input":{"@type":"PropertyValueSpecification","valueRequired":true,"valueName":"search_term_string"}}],"inLanguage":"de-CH"},{"@type":"Person","@id":"https:\/\/www.sws-weiterbildung.ch\/de\/#\/schema\/person\/99954224b6d2d2636b23579d29c30c0a","name":"sws-admin","image":{"@type":"ImageObject","inLanguage":"de-CH","@id":"https:\/\/www.sws-weiterbildung.ch\/de\/#\/schema\/person\/image\/","url":"https:\/\/secure.gravatar.com\/avatar\/fddd7de408d4f60c4b9a657ebbfaa70ff072358c81ef6911318cdfbcf8b1af23?s=96&d=mm&r=g","contentUrl":"https:\/\/secure.gravatar.com\/avatar\/fddd7de408d4f60c4b9a657ebbfaa70ff072358c81ef6911318cdfbcf8b1af23?s=96&d=mm&r=g","caption":"sws-admin"},"sameAs":["https:\/\/www.sws-weiterbildung.ch"],"url":"https:\/\/www.sws-weiterbildung.ch\/de\/author\/sws-admin"}]}},"_links":{"self":[{"href":"https:\/\/www.sws-weiterbildung.ch\/de\/wp-json\/wp\/v2\/posts\/3621","targetHints":{"allow":["GET"]}}],"collection":[{"href":"https:\/\/www.sws-weiterbildung.ch\/de\/wp-json\/wp\/v2\/posts"}],"about":[{"href":"https:\/\/www.sws-weiterbildung.ch\/de\/wp-json\/wp\/v2\/types\/post"}],"author":[{"embeddable":true,"href":"https:\/\/www.sws-weiterbildung.ch\/de\/wp-json\/wp\/v2\/users\/1"}],"replies":[{"embeddable":true,"href":"https:\/\/www.sws-weiterbildung.ch\/de\/wp-json\/wp\/v2\/comments?post=3621"}],"version-history":[{"count":2,"href":"https:\/\/www.sws-weiterbildung.ch\/de\/wp-json\/wp\/v2\/posts\/3621\/revisions"}],"predecessor-version":[{"id":3624,"href":"https:\/\/www.sws-weiterbildung.ch\/de\/wp-json\/wp\/v2\/posts\/3621\/revisions\/3624"}],"wp:featuredmedia":[{"embeddable":true,"href":"https:\/\/www.sws-weiterbildung.ch\/de\/wp-json\/wp\/v2\/media\/3619"}],"wp:attachment":[{"href":"https:\/\/www.sws-weiterbildung.ch\/de\/wp-json\/wp\/v2\/media?parent=3621"}],"wp:term":[{"taxonomy":"category","embeddable":true,"href":"https:\/\/www.sws-weiterbildung.ch\/de\/wp-json\/wp\/v2\/categories?post=3621"},{"taxonomy":"post_tag","embeddable":true,"href":"https:\/\/www.sws-weiterbildung.ch\/de\/wp-json\/wp\/v2\/tags?post=3621"}],"curies":[{"name":"wp","href":"https:\/\/api.w.org\/{rel}","templated":true}]}}